[{"@context":"https:\/\/schema.org\/","@type":"Article","@id":"https:\/\/www.pehak.cz\/kdo-je-na-tom-hur\/#Article","mainEntityOfPage":"https:\/\/www.pehak.cz\/kdo-je-na-tom-hur\/","headline":"Kdo je na tom h\u016f\u0159?","name":"Kdo je na tom h\u016f\u0159?","description":"V dne\u0161n\u00ed dob\u011b je po\u010das\u00ed jako zbl\u00e1zn\u011bn\u00e9. To, na co jsme byli za des\u00edtky let zvykl\u00ed, najednou p\u0159est\u00e1v\u00e1 fungovat, jak to zn\u00e1me. Nejen, \u017ee se t\u00edm p\u00e1dem nec\u00edt\u00edme komfortn\u011b, jeliko\u017e na\u0161e organismy maj\u00ed probl\u00e9my se nastavit na r\u016fzn\u00e9 teplotn\u00ed v\u00fdkyvy a maxima, ale vedle toho to m\u00e1 je\u0161t\u011b v\u011bt\u0161\u00ed dopady a konsekvence. Dnes je b\u011b\u017en\u00e9, &hellip; <a href=\"https:\/\/www.pehak.cz\/kdo-je-na-tom-hur\/\" class=\"more-link\">Continue reading <span class=\"screen-reader-text\">Kdo je na tom h\u016f\u0159?<\/span><\/a>","datePublished":"2023-10-16","dateModified":"2023-11-16","author":{"@type":"Person","@id":"https:\/\/www.pehak.cz\/author\/#Person","name":"","url":"https:\/\/www.pehak.cz\/author\/","identifier":1,"image":{"@type":"ImageObject","@id":"https:\/\/secure.gravatar.com\/avatar\/8e6cbe5510d042e6a0b15162e198f2fd22eed76a4b5a1734d2174c652daccabc?s=96&d=mm&r=g","url":"https:\/\/secure.gravatar.com\/avatar\/8e6cbe5510d042e6a0b15162e198f2fd22eed76a4b5a1734d2174c652daccabc?s=96&d=mm&r=g","height":96,"width":96}},"publisher":{"@type":"Organization","name":"pehak.cz","logo":{"@type":"ImageObject","@id":"\/logo.png","url":"\/logo.png","width":600,"height":60}},"image":{"@type":"ImageObject","@id":"https:\/\/www.pehak.cz\/wp-content\/uploads\/water-1018808_640_10_7.jpg","url":"https:\/\/www.pehak.cz\/wp-content\/uploads\/water-1018808_640_10_7.jpg","height":0,"width":0},"url":"https:\/\/www.pehak.cz\/kdo-je-na-tom-hur\/","about":["Zbo\u017e\u00ed"],"wordCount":429,"articleBody":"   V dne\u0161n\u00ed dob\u011b je po\u010das\u00ed jako zbl\u00e1zn\u011bn\u00e9. To, na co jsme byli za des\u00edtky let zvykl\u00ed, najednou p\u0159est\u00e1v\u00e1 fungovat, jak to zn\u00e1me. Nejen, \u017ee se t\u00edm p\u00e1dem nec\u00edt\u00edme komfortn\u011b, jeliko\u017e na\u0161e organismy maj\u00ed probl\u00e9my se nastavit na r\u016fzn\u00e9 teplotn\u00ed v\u00fdkyvy a maxima, ale vedle toho to m\u00e1 je\u0161t\u011b v\u011bt\u0161\u00ed dopady a konsekvence. Dnes je b\u011b\u017en\u00e9, \u017ee ji\u017e t\u00e9m\u011b\u0159 nerozezn\u00e1v\u00e1me \u010dty\u0159i ro\u010dn\u00ed obdob\u00ed, ale pouze t\u0159i. Jaro, l\u00e9to a dlouh\u00fd podzim. Zimy za posledn\u00ed roky t\u00e9m\u011b\u0159 vymizely a z\u016fstaly po nich jen sem tam b\u011blav\u00e9 chodn\u00edky. T\u00e9m\u011b\u0159 se v dne\u0161n\u00ed dob\u011b nemus\u00edme b\u00e1t o to, \u017ee bychom se b\u011bhem zimn\u00edho obdob\u00ed nem\u011bli \u010d\u00edm zah\u0159\u00e1t, proto\u017ee je takov\u00e9 teplo, \u017ee jej zvl\u00e1d\u00e1me \u00fapln\u011b s p\u0159ehledem.Hor\u0161\u00ed, ne\u017e pro lidi jsou ale tyto zm\u011bny podneb\u00ed pro p\u0159\u00edrodu. Zima by m\u011bla b\u00fdt \u010dase odpo\u010dinku, kdy chlad zastavuje ve\u0161ker\u00e9 procesy v rostlin\u00e1ch a bohat\u00e1 sn\u011bhov\u00e1 p\u0159ikr\u00fdvka chr\u00e1n\u00ed jednak p\u0159ed mechanick\u00fdmi, ale i termick\u00fdmi vlivy. Nav\u00edc sn\u011bhov\u00e1 vrstva v sob\u011b obsahuje velk\u00e9 mno\u017estv\u00ed vody, kter\u00e1 by se na ja\u0159e m\u011bla uvolnit a dodat tak vl\u00e1hu po zim\u011b vyprahl\u00e9 zemi. Jen\u017ee nic z toho se ji\u017e ned\u011bje. Doch\u00e1z\u00ed pak k tomu, \u017ee \u00farodn\u00e1 p\u016fda je vy\u010derpan\u00e1 a neplod\u00ed tak, jak by m\u011bla. Trp\u00ed i zv\u00ed\u0159ata, jejich\u017e r\u016fznorodost se v p\u0159\u00edrod\u011b ztr\u00e1c\u00ed.Vedle toho pak na druh\u00e9m p\u00f3lu ro\u010dn\u00edch obdob\u00ed stoj\u00ed l\u00e9ta, kter\u00e1 za\u010d\u00ednaj\u00ed b\u00fdt nesnesiteln\u011b hork\u00e1, tak hork\u00e1, \u017ee p\u0159ed \u017e\u00e1rem se nejde nikam schovat. A op\u011bt se d\u00e1 \u0159\u00edct, \u017ee \u010dlov\u011bk si s horkem n\u011bjak porad\u00ed, ale ta p\u0159\u00edroda p\u0159ed n\u00edm tak jednodu\u0161e neute\u010de. To, co zachra\u0148uje v parnech lidi mohou b\u00fdt nap\u0159\u00edklad zahradn\u00ed baz\u00e9ny zapu\u0161t\u011bn\u00e9. Voda n\u00e1m umo\u017e\u0148uje se velmi efektivn\u011b schladit a u\u017e\u00edt si tak letn\u00ed dny bez hork\u00e9ho tr\u00e1pen\u00ed. P\u0159esto nap\u0159\u00edklad hork\u00e9, tropick\u00e9 noci, jsou t\u00edm nejv\u011bt\u0161\u00edm zlem, kdy nejde sp\u00e1t, p\u0159\u00edroda s ani p\u0159es noc nem\u016f\u017ee odpo\u010dinout a v\u0161ichni tak vst\u00e1vaj\u00ed do nov\u00e9ho dne neodpo\u010dat\u00ed a st\u00e1le stejn\u011b vyprahl\u00ed, jak den p\u0159ed t\u00edm.                                                                                                                                                                                                                                                                                                                                                                                          4.5\/5 - (10 votes)        "},{"@context":"https:\/\/schema.org\/","@type":"BreadcrumbList","itemListElement":[{"@type":"ListItem","position":1,"name":"Kdo je na tom h\u016f\u0159?","item":"https:\/\/www.pehak.cz\/kdo-je-na-tom-hur\/#breadcrumbitem"}]}]